{"id":907,"date":"2023-11-27T18:27:06","date_gmt":"2023-11-27T17:27:06","guid":{"rendered":"https:\/\/chicane-lemag.fr\/16\/?p=907"},"modified":"2023-12-04T14:46:53","modified_gmt":"2023-12-04T13:46:53","slug":"entre-faibles-remunerations-et-lourdes-responsabilites-le-quotidien-complique-du-maire-de-beaurecueil","status":"publish","type":"post","link":"https:\/\/chicane-lemag.fr\/16\/2023\/11\/27\/entre-faibles-remunerations-et-lourdes-responsabilites-le-quotidien-complique-du-maire-de-beaurecueil\/","title":{"rendered":"Entre faibles r\u00e9mun\u00e9rations et lourdes responsabilit\u00e9s, le quotidien compliqu\u00e9 du maire de Beaurecueil\u00a0\u00a0"},"content":{"rendered":"\n<p class=\"has-text-align-center has-small-font-size\"><em><img decoding=\"async\" width=\"592\" height=\"746.055341720581\" src=\"https:\/\/lh7-us.googleusercontent.com\/Eg82boQvPB2o8wVPqYhAkpXavumetnFTV8OP8ERXA8lNeXTZDhcT-bcdHk-1A_OUy1h1wwZSHXttlX6cJSTA3AOLauwP4nD8_JsU5DitTEhZnhAFvnPqyaiLC3QMsjUwyvJPXKosxZQaZoEP4djSSQ\"><\/em><\/p>\n\n\n\n<p class=\"has-text-align-center has-small-font-size\"><em>Mairie et \u00e9cole de Beaurecueil. Cr\u00e9dit photo&nbsp;: Marine Issartel<\/em><\/p>\n\n\n\n<h3 class=\"wp-block-heading\"><strong>Un quotidien peu reposant mais passionnant<\/strong><\/h3>\n\n\n\n<p>\u00ab&nbsp;<em>Est-ce que je peux assumer une baisse de revenus importante&nbsp;? Pour l&rsquo;instant vu mon train de vie, c&rsquo;est difficile&nbsp;<\/em>\u00bb raconte Vincent Desvignes, maire de Beaurecueil, quand il \u00e9voque la possibilit\u00e9 d\u2019arr\u00eater son emploi de professeur pour se consacrer enti\u00e8rement \u00e0 son r\u00f4le de maire et aux lourdes responsabilit\u00e9s que cela implique.&nbsp;<\/p>\n\n\n\n<p>A la veille de la Toussaint, le soleil brille dans le village de Beaurecueil. Le maire, cheveux boucl\u00e9s grisonnants, jean et polo saumon, travaille \u00e0 la mairie. Il re\u00e7oit syst\u00e9matiquement ses \u00ab&nbsp;<em>administr\u00e9s<\/em>&nbsp;\u00bb dans son bureau. Il conna\u00eet tr\u00e8s bien son village, puisqu\u2019il y a grandi et qu\u2019il a \u00e9t\u00e9 pendant quatre mandats, conseiller municipal, \u00ab&nbsp;<em>mais je n&rsquo;\u00e9tais pas plus investi que \u00e7a<\/em>&nbsp;\u00bb avoue-t-il. Il d\u00e9crit la commune comme \u00ab&nbsp;<em>un village dortoir hupp\u00e9<\/em>&nbsp;\u00bb. \u00ab&nbsp;Hupp\u00e9&nbsp;\u00bb, car la taxe fonci\u00e8re y est tr\u00e8s \u00e9lev\u00e9e. \u00ab<em>&nbsp;Un village dortoir<\/em>&nbsp;\u00bb s\u2019explique par la pr\u00e9sence d\u2019un Ehpad qui accueille une centaine de r\u00e9sidents dans l\u2019ancien ch\u00e2teau, ce qui augmente la moyenne d\u2019\u00e2ge de la ville.&nbsp;<\/p>\n\n\n\n<p>S\u2019ajoute \u00e0 son r\u00f4le de maire, sa profession premi\u00e8re, professeur d\u2019arts plastiques au coll\u00e8ge-lyc\u00e9e du Sacr\u00e9-c\u0153ur \u00e0 Aix-en-Provence. Sa semaine type \u00ab&nbsp;<em>est organis\u00e9e autour de mon travail de prof<\/em>&nbsp;\u00bb. Il a dix-huit heures de cours \u00e0 donner. Le lundi apr\u00e8s-midi \u00e0 partir de quatorze heures, il est \u00e0 la mairie. Le mardi tout comme le jeudi, il a une journ\u00e9e compl\u00e8te en tant qu\u2019enseignant. Le mercredi apr\u00e8s-midi, \u00ab&nbsp;<em>\u00e9videmment, je suis \u00e0 la mairie<\/em>&nbsp;\u00bb. Il y passe aussi toute la journ\u00e9e du vendredi.&nbsp;<\/p>\n\n\n\n<p>Cet emploi du temps charg\u00e9 n\u2019est pas un frein \u00e0 la passion qu\u2019il voue \u00e0 la mairie. Il d\u00e9crit son rapport aux habitants comme \u00e9tant \u00ab&nbsp;<em>un lien presque de familial. C&rsquo;est un mandat passionnant, on a envie de faire de belles choses pour le village.<\/em>&nbsp;\u00bb Ces belles choses sont rendues possibles gr\u00e2ce aux personnes qui l\u2019entourent.&nbsp;<\/p>\n\n\n\n<h3 class=\"wp-block-heading\"><strong>Des fonctions all\u00e9g\u00e9es par un entourage professionnel et personnel solide<\/strong><\/h3>\n\n\n\n<p>\u00ab&nbsp;<em>J&rsquo;ai accept\u00e9 de prendre le mandat de maire parce que mes enfants \u00e9taient grands<\/em>&nbsp;\u00bb r\u00e9v\u00e8le-t-il quand on lui demande pourquoi avoir accept\u00e9 de se pr\u00e9senter \u00e0 cette fonction. L\u2019autonomie de ses enfants lui permet \u00e9galement de garder son autre emploi. Il est m\u00eame professeur principal d\u2019une classe de Terminale au c\u00f4t\u00e9 d\u2019une coll\u00e8gue. Il explique qu\u2019elle se charge de toute la partie administrative, et lui de l\u2019accompagnement des \u00e9l\u00e8ves. L\u2019enseignement des arts plastiques lui offre ainsi <em>\u00ab&nbsp;une soupape, un sas qui lui permet de se changer les id\u00e9es&nbsp;\u00bb.&nbsp;<\/em><\/p>\n\n\n\n<p>Outre ses coll\u00e8gues au Sacr\u00e9-C\u0153ur, son travail \u00e0 la mairie est facilit\u00e9 par celui des secr\u00e9taires et des adjointes. \u00ab&nbsp;<em>Elles font du bon boulot aussi, et j&rsquo;ai compl\u00e8tement confiance&nbsp;en elles<\/em> \u00bb, cela lui permet de rester \u00e0 jour dans les dossiers. Le ma\u00eetre-mot pour lui&nbsp;: la d\u00e9l\u00e9gation.&nbsp;<\/p>\n\n\n\n<h3 class=\"wp-block-heading\"><strong>Contrebalancer les faibles indemnit\u00e9s<\/strong><\/h3>\n\n\n\n<p>Monsieur Desvignes reconna\u00eet la chance qu\u2019il a d\u2019\u00eatre aussi bien entour\u00e9, cela lui permet d\u2019avoir une charge de travail amoindrie. Celle-ci s\u2019accompagne d\u2019une indemnit\u00e9 de 1300 \u20ac brut par mois, \u00e0 laquelle s\u2019ajoute celle d\u2019\u00e9lu m\u00e9tropolitain, de 800\u20ac brut. Mais elles ne suffisent pas \u00e0 vivre \u00e0 Beaurecueil. \u00ab\u00a0<em>Est-ce que ces deux indemnit\u00e9s suffiraient \u00e0 me faire vivre confortablement. Ce serait un peu tendu, c&rsquo;est aussi pour \u00e7a que je garde le r\u00f4le de prof <\/em>\u00bb. Sa situation n\u2019est pas unique, puisque deux-tiers des \u00e9lus fran\u00e7ais ont un emploi non politique en parall\u00e8le de leur mandat, ont \u00e9tabli Didier Demaizi\u00e8re et R\u00e9my Le Saout, dans une \u00e9tude sortie en 2021.\u00a0<\/p>\n\n\n\n<p><strong><a href=\"https:\/\/chicane-lemag.fr\/16\/2023\/11\/27\/titre\/\">\u00c0 lire aussi: Que nous dit l\u2019analyse des donn\u00e9es sur les notes de frais des maires en 2022 ?<\/a><\/strong><\/p>\n\n\n\n<p>N&rsquo;ayant peu, voire pas, de repr\u00e9sentations publiques, il n\u2019a ni frais de repr\u00e9sentations ni notes de frais. Quant \u00e0 son indemnit\u00e9, elle est faible par rapport aux responsabilit\u00e9s qu\u2019il a, estime-t-il. Il consid\u00e8re qu\u2019elle est pourtant <em>\u00ab importante et c&rsquo;est une reconnaissance de sa t\u00e2che et de ses responsabilit\u00e9s.&nbsp;\u00bb<\/em><\/p>\n\n\n\n<h3 class=\"wp-block-heading\"><strong>Des responsabilit\u00e9s plus lourdes que les indemnit\u00e9s des maires des petites communes&nbsp;<\/strong><\/h3>\n\n\n\n<p>\u00ab&nbsp;<em>Vous vous couchez la nuit, vous \u00eates encore responsables<\/em>&nbsp;\u00bb confie-t-il, ce n\u2019est pas forc\u00e9ment l\u2019indemnit\u00e9 qui pose probl\u00e8me mais la non-reconnaissance de leurs responsabilit\u00e9s en tant que maires de petites communes. L\u2019indemnisation a \u00e9t\u00e9 mise en place par la loi du 3 f\u00e9vrier 1992, qui instaure un statut d\u2019\u00e9lu local, permettant de g\u00e9n\u00e9raliser les indemnit\u00e9s. Patrick Lehingue et S\u00e9bastien Vignon explorent dans leur ouvrage de 2021, la loi relative \u00e0 l\u2019engagement dans la vie locale et \u00e0 la proximit\u00e9 de l\u2019action publique de 2019. Celle-ci, propos\u00e9e par le S\u00e9nat, a r\u00e9\u00e9valu\u00e9 les indemnit\u00e9s per\u00e7ues par les maires des communes de moins de 3 500 habitants, allant de 50 % pour les moins peupl\u00e9es jusqu\u2019\u00e0 20 % pour les plus peupl\u00e9es. Le but \u00e9tant de revaloriser leur travail aux vues de leurs responsabilit\u00e9s.&nbsp;<\/p>\n\n\n\n<p>Dans cette m\u00eame lign\u00e9e, la ministre des Collectivit\u00e9s, Dominique Faure, <a href=\"https:\/\/www.lemonde.fr\/politique\/article\/2023\/08\/19\/dominique-faure-favorable-a-une-hausse-de-l-indemnite-des-maires-pour-lutter-contre-leur-decouragement_6185918_823448.html\">a exprim\u00e9 en ao\u00fbt <\/a>dernier, sa volont\u00e9 de relever l\u2019indemnit\u00e9 des maires de communes de 3 500 \u00e0 100 000 habitants. Cependant, cela para\u00eet compliqu\u00e9 \u00e0 mettre en place pour Monsieur Desvignes,&nbsp;car \u00ab&nbsp;<em>c&rsquo;est la commune qui paye le maire<\/em> \u00bb. Il ajoute \u00ab <em>quand on augmente un salaire, c&rsquo;est bien pour le ministre de prendre la d\u00e9cision, c\u2019est difficile pour les communes d&rsquo;assumer le co\u00fbt<\/em>&nbsp;\u00bb.&nbsp;<\/p>\n\n\n\n<p><\/p>\n\n\n\n<p class=\"has-text-align-right\">Marine Issartel<\/p>\n","protected":false},"excerpt":{"rendered":"<p>\u00catre maire de petites communes n\u2019est pas de tout repos. Vincent Desvignes, maire de Beaurecueil (Bouches du Rh\u00f4ne) relate les difficult\u00e9s d\u2019exercer un mandat \u00e0 mi-temps et soul\u00e8ve des interrogations face aux faibles revenus per\u00e7us. <\/p>\n","protected":false},"author":4,"featured_media":935,"comment_status":"open","ping_status":"open","sticky":false,"template":"","format":"standard","meta":{"_acf_changed":false,"footnotes":""},"categories":[1],"tags":[],"class_list":["post-907","post","type-post","status-publish","format-standard","has-post-thumbnail","hentry","category-non-classe"],"acf":[],"_links":{"self":[{"href":"https:\/\/chicane-lemag.fr\/16\/wp-json\/wp\/v2\/posts\/907","targetHints":{"allow":["GET"]}}],"collection":[{"href":"https:\/\/chicane-lemag.fr\/16\/wp-json\/wp\/v2\/posts"}],"about":[{"href":"https:\/\/chicane-lemag.fr\/16\/wp-json\/wp\/v2\/types\/post"}],"author":[{"embeddable":true,"href":"https:\/\/chicane-lemag.fr\/16\/wp-json\/wp\/v2\/users\/4"}],"replies":[{"embeddable":true,"href":"https:\/\/chicane-lemag.fr\/16\/wp-json\/wp\/v2\/comments?post=907"}],"version-history":[{"count":0,"href":"https:\/\/chicane-lemag.fr\/16\/wp-json\/wp\/v2\/posts\/907\/revisions"}],"wp:featuredmedia":[{"embeddable":true,"href":"https:\/\/chicane-lemag.fr\/16\/wp-json\/wp\/v2\/media\/935"}],"wp:attachment":[{"href":"https:\/\/chicane-lemag.fr\/16\/wp-json\/wp\/v2\/media?parent=907"}],"wp:term":[{"taxonomy":"category","embeddable":true,"href":"https:\/\/chicane-lemag.fr\/16\/wp-json\/wp\/v2\/categories?post=907"},{"taxonomy":"post_tag","embeddable":true,"href":"https:\/\/chicane-lemag.fr\/16\/wp-json\/wp\/v2\/tags?post=907"}],"curies":[{"name":"wp","href":"https:\/\/api.w.org\/{rel}","templated":true}]}}