{"id":328,"date":"2021-02-17T22:56:57","date_gmt":"2021-02-17T21:56:57","guid":{"rendered":"http:\/\/chicane-lemag.fr\/4\/?p=328"},"modified":"2021-02-17T22:56:59","modified_gmt":"2021-02-17T21:56:59","slug":"regarde-ce-quon-vit-et-tu-sauras-qui-je-suis","status":"publish","type":"post","link":"https:\/\/chicane-lemag.fr\/4\/2021\/02\/17\/regarde-ce-quon-vit-et-tu-sauras-qui-je-suis\/","title":{"rendered":"\u00ab\u00a0Regarde ce qu&rsquo;on vit et tu sauras qui je suis\u00a0\u00bb"},"content":{"rendered":"\n<p>Sorti en salle le 5 octobre, le film de Karim Dridi s\u2019int\u00e9resse aux banlieues de Marseille, qui sont souvent assimil\u00e9es m\u00e9diatiquement \u00e0 la violence, aux trafics de drogue et aux r\u00e8glements de compte. Mais \u00e0 la diff\u00e9rence des m\u00e9dias \u00ab plus tradition- nels \u00bb, il en propose une mise en sc\u00e8ne hybride, entre fiction et r\u00e9alit\u00e9, qui immerge le spectateur dans l\u2019univers des quartiers nord.<\/p>\n\n\n\n<p>Au lieu de raconter la banlieue, avec Chouf, on la vit. Pour Sofian Khammes, in- terpr\u00e8te du r\u00f4le de Sofian : \u00ab Le r\u00e9alisateur nous invite, dans une immersion totale, \u00e0 vivre au plus pr\u00e8s des personnages, de leurs d\u00e9sirs et leurs luttes. C\u2019est toute la diff\u00e9rence avec les m\u00e9dias qui traitent des banlieues \u00e0 travers le prisme s\u00e9curitaire et des chiffres abstraits. \u00bb En faisant du cin\u00e9ma un espace m\u00e9diatique alternatif, Karim Dridi a ainsi voulu que \u00ab les jeunes soient repr\u00e9sent\u00e9s par eux-m\u00eames \u00bb. Il en a donc auditionn\u00e9 1500 issus des quartiers marseillais d\u00e9favoris\u00e9s dont dix d\u2019entre eux ont \u00e9t\u00e9 retenus pour un r\u00f4le. En proposant un autre horizon social \u00e0 ces jeunes que celui souvent d\u00e9termin\u00e9 par la cit\u00e9, le r\u00e9alisateur a obtenu un r\u00e9alisme saisissant tout en offrant \u00e0 ces jeunes un espace d\u2019expression sur leurs vies.<\/p>\n\n\n\n<p>Ainsi, Chouf, qui signifie \u00ab regarder \u00bb en arabe, m\u00e8ne le t\u00e9l\u00e9spectateur \u00e0 \u00ab chouffer \u00bb les quartiers nord \u00ab non pas dans un souci de r\u00e9alisme ou de justesse, mais dans un d\u00e9sir de v\u00e9rit\u00e9 \u00bb, rappelle Sofian Khammes. Une v\u00e9rit\u00e9 o\u00f9 la violence est souvent double : subite socialement et parfois reproduite physiquement pour s\u2019en d\u00e9fendre. L\u00e0 o\u00f9 certains m\u00e9dias ne quittent que rarement le registre du simple constat de la violence, le film Chouf propose de m\u00e9diatiser le d\u00e9terminisme social subi par les habitants de ces quartiers qui, \u00e0 l\u2019image de Sofian, semblent condamn\u00e9s \u00e0 y rester.<\/p>\n","protected":false},"excerpt":{"rendered":"<p>La me\u0301diatisation par le cine\u0301ma : une immersion dans la violente re\u0301alite\u0301 sociale des quartiers nord de Marseille avec le film Chouf.<\/p>\n","protected":false},"author":4,"featured_media":0,"comment_status":"open","ping_status":"open","sticky":false,"template":"","format":"standard","meta":{"_acf_changed":false,"footnotes":""},"categories":[1],"tags":[],"class_list":["post-328","post","type-post","status-publish","format-standard","hentry","category-non-classe"],"acf":[],"_links":{"self":[{"href":"https:\/\/chicane-lemag.fr\/4\/wp-json\/wp\/v2\/posts\/328","targetHints":{"allow":["GET"]}}],"collection":[{"href":"https:\/\/chicane-lemag.fr\/4\/wp-json\/wp\/v2\/posts"}],"about":[{"href":"https:\/\/chicane-lemag.fr\/4\/wp-json\/wp\/v2\/types\/post"}],"author":[{"embeddable":true,"href":"https:\/\/chicane-lemag.fr\/4\/wp-json\/wp\/v2\/users\/4"}],"replies":[{"embeddable":true,"href":"https:\/\/chicane-lemag.fr\/4\/wp-json\/wp\/v2\/comments?post=328"}],"version-history":[{"count":0,"href":"https:\/\/chicane-lemag.fr\/4\/wp-json\/wp\/v2\/posts\/328\/revisions"}],"wp:attachment":[{"href":"https:\/\/chicane-lemag.fr\/4\/wp-json\/wp\/v2\/media?parent=328"}],"wp:term":[{"taxonomy":"category","embeddable":true,"href":"https:\/\/chicane-lemag.fr\/4\/wp-json\/wp\/v2\/categories?post=328"},{"taxonomy":"post_tag","embeddable":true,"href":"https:\/\/chicane-lemag.fr\/4\/wp-json\/wp\/v2\/tags?post=328"}],"curies":[{"name":"wp","href":"https:\/\/api.w.org\/{rel}","templated":true}]}}