{"id":332,"date":"2021-02-15T21:07:40","date_gmt":"2021-02-15T20:07:40","guid":{"rendered":"http:\/\/chicane-lemag.fr\/8\/?p=332"},"modified":"2021-02-15T21:58:30","modified_gmt":"2021-02-15T20:58:30","slug":"le-dessinateur-de-presse-entre-artiste-et-journaliste","status":"publish","type":"post","link":"https:\/\/chicane-lemag.fr\/8\/2021\/02\/15\/le-dessinateur-de-presse-entre-artiste-et-journaliste\/","title":{"rendered":"Le dessinateur de presse, entre artiste et journaliste"},"content":{"rendered":"\n<p>Difficile de d\u00e9finir ce qu\u2019est exactement un dessinateur de presse. D\u2019ailleurs, aucune fili\u00e8re sp\u00e9cialis\u00e9e ne permet d\u2019appr\u00e9hender le m\u00e9tier, et les parcours sont extr\u00eamement vari\u00e9s : Plantu a commenc\u00e9 par une ann\u00e9e de m\u00e9decine !<\/p>\n\n\n\n<p>Pour Cl\u00e9ment Quintard, caricaturiste sur <em>Twitter<\/em>, le dessinateur de presse se consid\u00e8re avant tout comme un <em>\u00ab artiste pas comme les autres \u00bb<\/em>. Ses dessins, comiques, incisifs et mordants sont intimement li\u00e9s \u00e0 l\u2019actualit\u00e9, croqu\u00e9e avec d\u00e9calage, acidit\u00e9 ou douceur, mais toujours avec humour. Tiraill\u00e9 entre l\u2019intemporel de l\u2019art et l\u2019\u00e9ph\u00e9m\u00e8re de l\u2019actualit\u00e9, son but est d\u2019apporter un \u00e9clairage particulier, critique, aux \u00e9v\u00e8nements.<\/p>\n\n\n\n<p>Le dessinateur de presse est aussi un journaliste d\u2019un genre un peu particulier, se servant non pas de sa plume mais de ses pinceaux pour dire le monde, comme Jacques Faizant, ancien dessinateur de presse du <em>Figaro <\/em>qui se d\u00e9finissait dans une interview au <em>Monde <\/em>comme <em>\u00ab d\u2019abord journaliste \u00bb<\/em>, faisant passer ce qu\u2019il avait envie de dire <em>\u00ab par le truchement du dessin \u00bb<\/em>. Le dessinateur de presse peut devenir \u00ab reporter dessinateur \u00bb par la d\u00e9livrance de la carte de presse, lui octroyant parall\u00e8lement le statut plus protecteur de \u00ab journaliste \u00bb.<\/p>\n\n\n\n<p>Mais les fronti\u00e8res sont poreuses et les d\u00e9finitions multiples. Le caricaturiste belge Kroll ne se consid\u00e8re pas comme un journaliste. <em>\u00ab Ce n\u2019est pas moi qui cherche la source de l\u2019in- formation. Mon information, c\u2019est celle que tout le monde a d\u00e9j\u00e0, j\u2019y ajoute un commentaire suppl\u00e9mentaire. Je me d\u00e9finis vraiment comme un humaniste \u00bb<\/em>, explique-t-il dans un entretien avec Numa Sadoul pour le livre <em>Dessinateurs de presse<\/em>.<\/p>\n\n\n\n<p>Pour le sp\u00e9cialiste de la caricature Guillaume Doizy, <em>\u00ab le dessinateur de presse n\u2019est pas plus un artiste qu\u2019un journaliste qu\u2019un militant qu\u2019un commentateur&#8230;\u00e7a d\u00e9pend de la p\u00e9riode, de comment lui-m\u00eame se con\u00e7oit, du support sur lequel il dessine et du contexte politique \u00bb. <\/em>Mais qu\u2019il se d\u00e9finisse comme artiste, journaliste ou bien encore <em>\u00ab r\u00e9volt\u00e9 \u00bb<\/em>, comme Cavanna, le cofondateur de <em>Charlie Hebdo<\/em>, le dessinateur de presse doit \u00eatre multifacettes. Selon Philippe Delestre, dessinateur pour L\u2019<em>Est R\u00e9publicain <\/em>: <em>\u00ab il faut \u00eatre passionn\u00e9 de dessin, d\u2019actualit\u00e9, tr\u00e8s opini\u00e2tre et puis souhaiter que \u00e7a marche&#8230; Aimer beaucoup la vie, aussi \u00bb<\/em><\/p>\n","protected":false},"excerpt":{"rendered":"<p>Menant un travail d\u2019artiste avec pour matie\u0300re l\u2019actualite\u0301, le dessinateur de presse est un illustrateur d\u2019un genre un peu particulier, a\u0300 la limite du journaliste. Zoom sur un me\u0301tier plus pittoresque et plus original que les autres.<\/p>\n","protected":false},"author":4,"featured_media":333,"comment_status":"open","ping_status":"open","sticky":false,"template":"","format":"standard","meta":{"_acf_changed":false,"footnotes":""},"categories":[1],"tags":[],"class_list":["post-332","post","type-post","status-publish","format-standard","has-post-thumbnail","hentry","category-non-classe"],"acf":[],"_links":{"self":[{"href":"https:\/\/chicane-lemag.fr\/8\/wp-json\/wp\/v2\/posts\/332","targetHints":{"allow":["GET"]}}],"collection":[{"href":"https:\/\/chicane-lemag.fr\/8\/wp-json\/wp\/v2\/posts"}],"about":[{"href":"https:\/\/chicane-lemag.fr\/8\/wp-json\/wp\/v2\/types\/post"}],"author":[{"embeddable":true,"href":"https:\/\/chicane-lemag.fr\/8\/wp-json\/wp\/v2\/users\/4"}],"replies":[{"embeddable":true,"href":"https:\/\/chicane-lemag.fr\/8\/wp-json\/wp\/v2\/comments?post=332"}],"version-history":[{"count":0,"href":"https:\/\/chicane-lemag.fr\/8\/wp-json\/wp\/v2\/posts\/332\/revisions"}],"wp:featuredmedia":[{"embeddable":true,"href":"https:\/\/chicane-lemag.fr\/8\/wp-json\/wp\/v2\/media\/333"}],"wp:attachment":[{"href":"https:\/\/chicane-lemag.fr\/8\/wp-json\/wp\/v2\/media?parent=332"}],"wp:term":[{"taxonomy":"category","embeddable":true,"href":"https:\/\/chicane-lemag.fr\/8\/wp-json\/wp\/v2\/categories?post=332"},{"taxonomy":"post_tag","embeddable":true,"href":"https:\/\/chicane-lemag.fr\/8\/wp-json\/wp\/v2\/tags?post=332"}],"curies":[{"name":"wp","href":"https:\/\/api.w.org\/{rel}","templated":true}]}}